{"id":231,"date":"2022-07-19T14:29:47","date_gmt":"2022-07-19T14:29:47","guid":{"rendered":"https:\/\/www.lesportscorses.com\/porto-vecchio\/2022\/07\/19\/marcha-dominical-de-porto-vecchio\/"},"modified":"2023-08-10T08:01:03","modified_gmt":"2023-08-10T08:01:03","slug":"marcha-dominical-de-porto-vecchio","status":"publish","type":"post","link":"https:\/\/www.lesportscorses.com\/porto-vecchio\/2022\/07\/19\/marcha-dominical-de-porto-vecchio\/","title":{"rendered":"March\u00e9 textile de Porto-Vecchio"},"content":{"rendered":"<p>Toute l\u2019ann\u00e9e (hors juillet et ao\u00fbt), le march\u00e9 textile vous attends au parking 2 de la marine de Porto-Vecchio.Tous les 2\u00e8me et 4\u00e8me&#8230;Du 01\/01 au 30\/06, le 2\u00e8me mercredi et le 4\u00e8me mercredi du mois de 8h \u00e0 13h.<\/p>\n<p>Du 01\/09 au 31\/12, le 2\u00e8me mercredi et le 4\u00e8me mercredi du mois de 8h \u00e0 13h.<\/p>\n<p>Annul\u00e9 en cas de mauvais temps. Hors Juillet et Ao\u00fbt<\/p>\n","protected":false},"excerpt":{"rendered":"<p>Toute l\u2019ann\u00e9e (hors juillet et ao\u00fbt), le march\u00e9 textile vous attends au parking 2 de la marine de Porto-Vecchio.Tous les 2\u00e8me et 4\u00e8me&#8230;Du 01\/01 au 30\/06, le 2\u00e8me mercredi et le 4\u00e8me mercredi du mois de 8h \u00e0 13h. Du 01\/09 au 31\/12, le 2\u00e8me mercredi et le 4\u00e8me mercredi du mois de 8h \u00e0 [&hellip;]<\/p>\n","protected":false},"author":3,"featured_media":12416,"comment_status":"open","ping_status":"open","sticky":false,"template":"","format":"standard","meta":{"_et_pb_use_builder":"","_et_pb_old_content":"","_et_gb_content_width":"","footnotes":""},"categories":[1],"tags":[],"class_list":["post-231","post","type-post","status-publish","format-standard","has-post-thumbnail","hentry","category-non-classifiee"],"_links":{"self":[{"href":"https:\/\/www.lesportscorses.com\/porto-vecchio\/wp-json\/wp\/v2\/posts\/231","targetHints":{"allow":["GET"]}}],"collection":[{"href":"https:\/\/www.lesportscorses.com\/porto-vecchio\/wp-json\/wp\/v2\/posts"}],"about":[{"href":"https:\/\/www.lesportscorses.com\/porto-vecchio\/wp-json\/wp\/v2\/types\/post"}],"author":[{"embeddable":true,"href":"https:\/\/www.lesportscorses.com\/porto-vecchio\/wp-json\/wp\/v2\/users\/3"}],"replies":[{"embeddable":true,"href":"https:\/\/www.lesportscorses.com\/porto-vecchio\/wp-json\/wp\/v2\/comments?post=231"}],"version-history":[{"count":13,"href":"https:\/\/www.lesportscorses.com\/porto-vecchio\/wp-json\/wp\/v2\/posts\/231\/revisions"}],"predecessor-version":[{"id":12178,"href":"https:\/\/www.lesportscorses.com\/porto-vecchio\/wp-json\/wp\/v2\/posts\/231\/revisions\/12178"}],"wp:featuredmedia":[{"embeddable":true,"href":"https:\/\/www.lesportscorses.com\/porto-vecchio\/wp-json\/wp\/v2\/media\/12416"}],"wp:attachment":[{"href":"https:\/\/www.lesportscorses.com\/porto-vecchio\/wp-json\/wp\/v2\/media?parent=231"}],"wp:term":[{"taxonomy":"category","embeddable":true,"href":"https:\/\/www.lesportscorses.com\/porto-vecchio\/wp-json\/wp\/v2\/categories?post=231"},{"taxonomy":"post_tag","embeddable":true,"href":"https:\/\/www.lesportscorses.com\/porto-vecchio\/wp-json\/wp\/v2\/tags?post=231"}],"curies":[{"name":"wp","href":"https:\/\/api.w.org\/{rel}","templated":true}]}}