{"id":233,"date":"2022-07-19T14:29:50","date_gmt":"2022-07-19T14:29:50","guid":{"rendered":"https:\/\/www.lesportscorses.com\/porto-vecchio\/2022\/07\/19\/les-messes-de-porto-vecchio-et-sa-ragion\/"},"modified":"2023-08-10T08:00:56","modified_gmt":"2023-08-10T08:00:56","slug":"les-messes-de-porto-vecchio-et-sa-ragion","status":"publish","type":"post","link":"https:\/\/www.lesportscorses.com\/porto-vecchio\/2022\/07\/19\/les-messes-de-porto-vecchio-et-sa-ragion\/","title":{"rendered":"Le march\u00e9 des producteurs \u00e0 Bonifacio"},"content":{"rendered":"<p>Dans une ambiance conviviale, vous d\u00e9couvrirez une grande vari\u00e9t\u00e9 de produits locaux, provenant de l&rsquo;agriculture locale, biologique et de&#8230;Toute l&rsquo;ann\u00e9e, tous les vendredis de 8h \u00e0 13h.<\/p>\n","protected":false},"excerpt":{"rendered":"<p>Dans une ambiance conviviale, vous d\u00e9couvrirez une grande vari\u00e9t\u00e9 de produits locaux, provenant de l&rsquo;agriculture locale, biologique et de&#8230;Toute l&rsquo;ann\u00e9e, tous les vendredis de 8h \u00e0 13h.<\/p>\n","protected":false},"author":3,"featured_media":12413,"comment_status":"open","ping_status":"open","sticky":false,"template":"","format":"standard","meta":{"_et_pb_use_builder":"","_et_pb_old_content":"","_et_gb_content_width":"","footnotes":""},"categories":[1],"tags":[],"class_list":["post-233","post","type-post","status-publish","format-standard","has-post-thumbnail","hentry","category-non-classifiee"],"_links":{"self":[{"href":"https:\/\/www.lesportscorses.com\/porto-vecchio\/wp-json\/wp\/v2\/posts\/233","targetHints":{"allow":["GET"]}}],"collection":[{"href":"https:\/\/www.lesportscorses.com\/porto-vecchio\/wp-json\/wp\/v2\/posts"}],"about":[{"href":"https:\/\/www.lesportscorses.com\/porto-vecchio\/wp-json\/wp\/v2\/types\/post"}],"author":[{"embeddable":true,"href":"https:\/\/www.lesportscorses.com\/porto-vecchio\/wp-json\/wp\/v2\/users\/3"}],"replies":[{"embeddable":true,"href":"https:\/\/www.lesportscorses.com\/porto-vecchio\/wp-json\/wp\/v2\/comments?post=233"}],"version-history":[{"count":8,"href":"https:\/\/www.lesportscorses.com\/porto-vecchio\/wp-json\/wp\/v2\/posts\/233\/revisions"}],"predecessor-version":[{"id":12177,"href":"https:\/\/www.lesportscorses.com\/porto-vecchio\/wp-json\/wp\/v2\/posts\/233\/revisions\/12177"}],"wp:featuredmedia":[{"embeddable":true,"href":"https:\/\/www.lesportscorses.com\/porto-vecchio\/wp-json\/wp\/v2\/media\/12413"}],"wp:attachment":[{"href":"https:\/\/www.lesportscorses.com\/porto-vecchio\/wp-json\/wp\/v2\/media?parent=233"}],"wp:term":[{"taxonomy":"category","embeddable":true,"href":"https:\/\/www.lesportscorses.com\/porto-vecchio\/wp-json\/wp\/v2\/categories?post=233"},{"taxonomy":"post_tag","embeddable":true,"href":"https:\/\/www.lesportscorses.com\/porto-vecchio\/wp-json\/wp\/v2\/tags?post=233"}],"curies":[{"name":"wp","href":"https:\/\/api.w.org\/{rel}","templated":true}]}}