{"id":247,"date":"2022-07-19T14:30:06","date_gmt":"2022-07-19T14:30:06","guid":{"rendered":"https:\/\/www.lesportscorses.com\/porto-vecchio\/2022\/07\/19\/vide-grenier-nocturne-au-profit-de-corse-parkinson-2\/"},"modified":"2023-08-10T08:00:40","modified_gmt":"2023-08-10T08:00:40","slug":"vide-grenier-nocturne-au-profit-de-corse-parkinson-2","status":"publish","type":"post","link":"https:\/\/www.lesportscorses.com\/porto-vecchio\/2022\/07\/19\/vide-grenier-nocturne-au-profit-de-corse-parkinson-2\/","title":{"rendered":"Les messes de Porto-Vecchio et sa r\u00e9gion"},"content":{"rendered":"<p>Retrouvez ici tous les horaires des offices de la r\u00e9gion de Porto-VecchioToute l&rsquo;ann\u00e9e.<br \/>\nLe samedi \u00e0 18h30. Le dimanche \u00e0 8h30 et \u00e0 10h30.<\/p>\n","protected":false},"excerpt":{"rendered":"<p>Retrouvez ici tous les horaires des offices de la r\u00e9gion de Porto-VecchioToute l&rsquo;ann\u00e9e. Le samedi \u00e0 18h30. Le dimanche \u00e0 8h30 et \u00e0 10h30.<\/p>\n","protected":false},"author":3,"featured_media":12392,"comment_status":"open","ping_status":"open","sticky":false,"template":"","format":"standard","meta":{"_et_pb_use_builder":"on","_et_pb_old_content":"Chaque dimanche matin, de 7h \u00c3&nbsp; 13h, le march\u00c3\u00a9 de produits alimentaires rassemble de nombreux producteurs locaux qui proposent miel, huile...Toute l'ann\u00c3\u00a9e, tous les dimanches de 7h \u00c3&nbsp; 13h.","_et_gb_content_width":"","footnotes":""},"categories":[1],"tags":[],"class_list":["post-247","post","type-post","status-publish","format-standard","has-post-thumbnail","hentry","category-non-classifiee"],"_links":{"self":[{"href":"https:\/\/www.lesportscorses.com\/porto-vecchio\/wp-json\/wp\/v2\/posts\/247","targetHints":{"allow":["GET"]}}],"collection":[{"href":"https:\/\/www.lesportscorses.com\/porto-vecchio\/wp-json\/wp\/v2\/posts"}],"about":[{"href":"https:\/\/www.lesportscorses.com\/porto-vecchio\/wp-json\/wp\/v2\/types\/post"}],"author":[{"embeddable":true,"href":"https:\/\/www.lesportscorses.com\/porto-vecchio\/wp-json\/wp\/v2\/users\/3"}],"replies":[{"embeddable":true,"href":"https:\/\/www.lesportscorses.com\/porto-vecchio\/wp-json\/wp\/v2\/comments?post=247"}],"version-history":[{"count":8,"href":"https:\/\/www.lesportscorses.com\/porto-vecchio\/wp-json\/wp\/v2\/posts\/247\/revisions"}],"predecessor-version":[{"id":12161,"href":"https:\/\/www.lesportscorses.com\/porto-vecchio\/wp-json\/wp\/v2\/posts\/247\/revisions\/12161"}],"wp:featuredmedia":[{"embeddable":true,"href":"https:\/\/www.lesportscorses.com\/porto-vecchio\/wp-json\/wp\/v2\/media\/12392"}],"wp:attachment":[{"href":"https:\/\/www.lesportscorses.com\/porto-vecchio\/wp-json\/wp\/v2\/media?parent=247"}],"wp:term":[{"taxonomy":"category","embeddable":true,"href":"https:\/\/www.lesportscorses.com\/porto-vecchio\/wp-json\/wp\/v2\/categories?post=247"},{"taxonomy":"post_tag","embeddable":true,"href":"https:\/\/www.lesportscorses.com\/porto-vecchio\/wp-json\/wp\/v2\/tags?post=247"}],"curies":[{"name":"wp","href":"https:\/\/api.w.org\/{rel}","templated":true}]}}