{"id":249,"date":"2022-07-19T14:30:08","date_gmt":"2022-07-19T14:30:08","guid":{"rendered":"https:\/\/www.lesportscorses.com\/porto-vecchio\/2022\/07\/19\/marcha-textile-de-porto-vecchio\/"},"modified":"2023-08-10T08:00:36","modified_gmt":"2023-08-10T08:00:36","slug":"marche-textile-de-porto-vecchio","status":"publish","type":"post","link":"https:\/\/www.lesportscorses.com\/porto-vecchio\/2022\/07\/19\/marche-textile-de-porto-vecchio\/","title":{"rendered":"March\u00e9 dominical de la Haute Ville"},"content":{"rendered":"<p>Chaque dimanche matin, de 7h \u00e0 13h, le march\u00e9 de produits alimentaires rassemble de nombreux producteurs locaux qui proposent miel, huile&#8230;Toute l&rsquo;ann\u00e9e, tous les dimanches de 7h \u00e0 13h.<\/p>\n","protected":false},"excerpt":{"rendered":"<p>Chaque dimanche matin, de 7h \u00e0 13h, le march\u00e9 de produits alimentaires rassemble de nombreux producteurs locaux qui proposent miel, huile&#8230;Toute l&rsquo;ann\u00e9e, tous les dimanches de 7h \u00e0 13h.<\/p>\n","protected":false},"author":3,"featured_media":12389,"comment_status":"open","ping_status":"open","sticky":false,"template":"","format":"standard","meta":{"_et_pb_use_builder":"on","_et_pb_old_content":"\nChaque dimanche matin, de 7h \u00c3\u00a0 13h, le march\u00c3\u00a9 de produits alimentaires rassemble de nombreux producteurs locaux qui proposent miel, huile...Toute l'ann\u00c3\u00a9e, tous les dimanches de 7h \u00c3\u00a0 13h.","_et_gb_content_width":"","footnotes":""},"categories":[1],"tags":[],"class_list":["post-249","post","type-post","status-publish","format-standard","has-post-thumbnail","hentry","category-non-classifiee"],"_links":{"self":[{"href":"https:\/\/www.lesportscorses.com\/porto-vecchio\/wp-json\/wp\/v2\/posts\/249","targetHints":{"allow":["GET"]}}],"collection":[{"href":"https:\/\/www.lesportscorses.com\/porto-vecchio\/wp-json\/wp\/v2\/posts"}],"about":[{"href":"https:\/\/www.lesportscorses.com\/porto-vecchio\/wp-json\/wp\/v2\/types\/post"}],"author":[{"embeddable":true,"href":"https:\/\/www.lesportscorses.com\/porto-vecchio\/wp-json\/wp\/v2\/users\/3"}],"replies":[{"embeddable":true,"href":"https:\/\/www.lesportscorses.com\/porto-vecchio\/wp-json\/wp\/v2\/comments?post=249"}],"version-history":[{"count":10,"href":"https:\/\/www.lesportscorses.com\/porto-vecchio\/wp-json\/wp\/v2\/posts\/249\/revisions"}],"predecessor-version":[{"id":12160,"href":"https:\/\/www.lesportscorses.com\/porto-vecchio\/wp-json\/wp\/v2\/posts\/249\/revisions\/12160"}],"wp:featuredmedia":[{"embeddable":true,"href":"https:\/\/www.lesportscorses.com\/porto-vecchio\/wp-json\/wp\/v2\/media\/12389"}],"wp:attachment":[{"href":"https:\/\/www.lesportscorses.com\/porto-vecchio\/wp-json\/wp\/v2\/media?parent=249"}],"wp:term":[{"taxonomy":"category","embeddable":true,"href":"https:\/\/www.lesportscorses.com\/porto-vecchio\/wp-json\/wp\/v2\/categories?post=249"},{"taxonomy":"post_tag","embeddable":true,"href":"https:\/\/www.lesportscorses.com\/porto-vecchio\/wp-json\/wp\/v2\/tags?post=249"}],"curies":[{"name":"wp","href":"https:\/\/api.w.org\/{rel}","templated":true}]}}